{"id":4804,"date":"2025-10-15T18:06:34","date_gmt":"2025-10-15T18:06:34","guid":{"rendered":"https:\/\/cofestival.si\/2024\/?p=4804"},"modified":"2025-10-15T18:06:34","modified_gmt":"2025-10-15T18:06:34","slug":"delavnica-isabelle-schad","status":"publish","type":"post","link":"https:\/\/cofestival.si\/2024\/delavnica-isabelle-schad\/","title":{"rendered":"Delavnica Isabelle Schad"},"content":{"rendered":"\u010cetrtek, 27. november, od 11.00 do 15.00<br \/>\nmasterclass za plesalke in plesalce<br \/>\nStara mestna elektrarna<\/p>\n<p>Na delavnici se udele\u017eenci najprej posvetijo vsakodnevnemu treningu. Na podlagi gibalnih na\u010del, ki izhajajo iz somatike in azijskih tehnik, kot so aikido, shiatsu, raztezanja in dihalne tehnike, se razvija koreografska praksa: postane materialnost, ki jo je mogo\u010de oblikovati v prostoru in \u010dasu. Pri tem se razvijajo skice in elementi, ki so del raziskovanja trenutnih in nedavnih skupinskih del Isabelle Schad ali pa preprosto stojijo sami zase. Osrednje vpra\u0161anje je pojem subjektivnosti znotraj kolektivnega gibalnega telesa, ki lahko deluje le kot celota: kako se lahko dojemamo kot del ve\u010dje celote in kaj to pomeni v smislu koreografske prakse ter z vidika stali\u0161\u010da, ki ga moramo zavzeti?<\/p>\n<p>Isabelle Schad \u017ee 25 let uspe\u0161no sodeluje z odprto skupino umetnikov v Berlinu, kjer je predstavila ve\u010d kot 60 del na pomembnih prizori\u0161\u010dih (HAU Hebbel am Ufer, Sophiensaele, Radialsystem, festival Tanz im August) in svoj lastni produkcijski prostor \u2013 Tanzhalle Wiesenburg \u2013 razvila v uspe\u0161en delovni prostor za veliko skupnost znotraj neodvisne plesne scene. Njeno delo zaznamuje zdru\u017eevanje koreografskega sloga, mediacije, prakse in neprekinjenega izobra\u017eevanja, pa tudi ustvarjanje delovnega prostora, v katerem se delijo viri za spodbujanje kohezije in skupnosti. Deluje medgeneracijsko in svoje znanje ter prakso prena\u0161a na umetnike srednje generacije, da bi ti svoje znanje predajali mlaj\u0161im. Tako nastaja nova vrsta izobra\u017eevanja, ki organsko raste in postaja samostojno gibanje. V jedru tega je celostna praksa, ki telo in duha, prakso in vidnost dela razume kot nelo\u010dljivo enoto. Deluje in raziskuje v razli\u010dnih kontekstih in okoljih, produkcijskih prostorih, na festivalih in delavnicah.<\/p>\n<p>Informacije in prijave: info@cofestival.si<br \/>\nRok za prijave: 31. 10. 2025<\/p>\n<p>Organizacija: Kino \u0160i\u0161ka in NDA Slovenija v sodelovanju z Zavodom Bunker<br \/>\nVstop prost<\/p>\n<p>Foto: Sara Pereira","protected":false},"excerpt":{"rendered":"<p>\u010cetrtek, 27. november, od 11.00 do 15.00 masterclass za plesalke in plesalce Stara mestna elektrarna Na delavnici se udele\u017eenci najprej posvetijo vsakodnevnemu treningu. Na podlagi gibalnih na\u010del, ki izhajajo iz somatike in azijskih tehnik, kot so aikido, shiatsu, raztezanja in dihalne tehnike, se razvija koreografska praksa: postane materialnost, ki jo je mogo\u010de oblikovati v prostoru [&hellip;]<\/p>\n","protected":false},"author":1,"featured_media":4805,"comment_status":"closed","ping_status":"open","sticky":false,"template":"","format":"standard","meta":{"footnotes":""},"categories":[10],"tags":[],"class_list":["post-4804","post","type-post","status-publish","format-standard","has-post-thumbnail","hentry","category-cofestival"],"_links":{"self":[{"href":"https:\/\/cofestival.si\/2024\/wp-json\/wp\/v2\/posts\/4804","targetHints":{"allow":["GET"]}}],"collection":[{"href":"https:\/\/cofestival.si\/2024\/wp-json\/wp\/v2\/posts"}],"about":[{"href":"https:\/\/cofestival.si\/2024\/wp-json\/wp\/v2\/types\/post"}],"author":[{"embeddable":true,"href":"https:\/\/cofestival.si\/2024\/wp-json\/wp\/v2\/users\/1"}],"replies":[{"embeddable":true,"href":"https:\/\/cofestival.si\/2024\/wp-json\/wp\/v2\/comments?post=4804"}],"version-history":[{"count":1,"href":"https:\/\/cofestival.si\/2024\/wp-json\/wp\/v2\/posts\/4804\/revisions"}],"predecessor-version":[{"id":4806,"href":"https:\/\/cofestival.si\/2024\/wp-json\/wp\/v2\/posts\/4804\/revisions\/4806"}],"wp:featuredmedia":[{"embeddable":true,"href":"https:\/\/cofestival.si\/2024\/wp-json\/wp\/v2\/media\/4805"}],"wp:attachment":[{"href":"https:\/\/cofestival.si\/2024\/wp-json\/wp\/v2\/media?parent=4804"}],"wp:term":[{"taxonomy":"category","embeddable":true,"href":"https:\/\/cofestival.si\/2024\/wp-json\/wp\/v2\/categories?post=4804"},{"taxonomy":"post_tag","embeddable":true,"href":"https:\/\/cofestival.si\/2024\/wp-json\/wp\/v2\/tags?post=4804"}],"curies":[{"name":"wp","href":"https:\/\/api.w.org\/{rel}","templated":true}]}}