{"id":3937,"date":"2022-11-02T12:53:38","date_gmt":"2022-11-02T12:53:38","guid":{"rendered":"https:\/\/cofestival.si\/2022\/?p=3937"},"modified":"2022-11-14T19:39:28","modified_gmt":"2022-11-14T19:39:28","slug":"glas-ki-ga-besedilo-ne-more-slisati-adam-kinner","status":"publish","type":"post","link":"https:\/\/cofestival.si\/2022\/glas-ki-ga-besedilo-ne-more-slisati-adam-kinner\/","title":{"rendered":"Glas, ki ga besedilo ne more sli\u0161ati &#8211; Adam Kinner"},"content":{"rendered":"Cofestival vabi na petdnevno delavnico \u201cGlas, ki ga besedilo ne more sli\u0161ati\u201d, ki jo vodi Adam Kinner (Kanada\/ZDA)<\/p>\n<p>\u201cGlas, ki ga besedilo ne more sli\u0161ati\u201d je vodena raziskovalna praksa za performerje, ki jih zanima poglabljanje ukvarjanja z glasom, besedilom in gibom ter kako se ti prepletajo v uprizoritvenem okolju. Skupaj bomo raziskovali na\u010dine, kako dati glas besedilu, ki ga bomo ustvarili ali na\u0161li, in s tem poglobili ter raz\u0161irili pomen besedila. Obravnavali bomo na\u010dine uporabe telesa kot neke vrste proti-besedila, kot nekaj, kar ima svojevrstne komunikacijske in intuitivne lastnosti, ki potekajo vzporedno s tistimi od besedila. Lotili se bomo tudi predlogov, kako lahko kot skupina odpremo glas: z ogrevanjem in ja\u010danjem glasu, petjem v skupini ter z eksperimentiranjem na\u010dinov, kako vnesemo nekaj ve\u010d prostora med nas in na\u0161e glasove.<\/p>\n<p>\u017de dlje \u010dasa me zanimajo na\u010dini, kako nas glas vodi onkraj nas samih in nas s tem na mehek na\u010din razpira. Ko nekdo re\u010de nekaj izjemno ali stra\u0161no resni\u010dnega, si pogosto najbolj zapomnim zvok njegovega glasu. Leta 2013 sem ustvaril predstavo \u201cI&#8217;m Faking It\u201d (\u201cPretvarjam se\u201d), v kateri sem glas uporabil kot na\u010din preizpra\u0161evanja uprizoritvene pogodbe v povezavi z mejami avtenti\u010dnosti na odru. \u201cGlas, ki ga besedilo ne more sli\u0161ati\u201d tako to raziskavo pelje na podro\u010dje \u010distega eksperimentiranja, med in s telesom ter glasom, med in z besedilom ter dihom. Sledimo nizu zvo\u010dnih materialnosti glasu in poslu\u0161amo, kam nas glas vodi. Cilj delavnice je poiskati nove pomene onkraj dosega jezika in najti nove gibe ter uprizoritvene situacije, ki tak\u0161ne pomene podpirajo kot prakso.<\/p>\n<p><strong>Lokaciji:<br \/>\n<\/strong>JSKD Studio Cepetka, Cankarjeva 5, Ljubljana in<br \/>\nPlesni studio Moj korak, Vilharjeva 3, Ljubljana<\/p>\n<p><strong>Datumi:<br \/>\n<\/strong>Ponedeljek, 21.11. \u2013 15h to 18h (Cepetka)<br \/>\nTorek, 22.11. \u2013 15h to 17h30 (Cepetka)<br \/>\nSreda, 23.11. \u2013 15h to 18h (Cepetka)<br \/>\n\u010cetrtek, 24.11. \u2013 13h to 16h (Moj korak)<br \/>\nPetek, 25.11. \u2013 16h to 19h (Cepetka)<\/p>\n<p>Delavnica je primerna za profesionalne plesalce, koreografe, igralce, glasbenike in performerje. Dobrodo\u0161le pa so tudi osebe brez uprizoritvenih izku\u0161enj.<\/p>\n<p>Delavnica je brezpla\u010dna.<\/p>\n<p>\u010ce imate mo\u017enost prinesti na delavnico instrumente ali objekte, ki porizvajajo hrup, jih le prinesite. Sicer bomo pa tudi mi poskrbeli za nekaj tak\u0161nih instrumentov in objektov.<\/p>\n<p>Udele\u017eba vseh 5 dni je priporo\u010dljiva, ni pa nujna.<\/p>\n<p>Za prijavo in dodatne informacije pi\u0161ite na <a href=\"mailto:janajevtovic@gmail.com\">janajevtovic@gmail.com<\/a><\/p>\n<p>Adam Kinner (Washington, D.C. ZDA, 1984) je ameri\u0161ki umetnik, ki \u017eivi in dela v Montrealu. Po izobrazbi glasbenik deluje na mejah performansa, zvoka in vizualnih umetnosti ter sodeluje z umetniki iz plesa in glasbe. Njegovo delo zaobjema \u0161iroko polje dejavnosti, ki se razpenja npr. med dolgoro\u010dnim projektom \u201cThe Air Contains Honey\u201d, ki ga je zagnal skupaj z Jacobom Wrenom, kjer gre za \u201corkester\u201d, ki zdru\u017euje profesionalne in amaterske glasbenike v raziskovanju orkestrovega zvoka, medtem ko igrajo kot \u201corkester\u201d; do nedavne koreografije \u201cSuite canadienne, une demonstration\u201d, razstave in predstave, ki na oder zopet postavljata balet Ludmile Chiriaeff iz leta 1957 in s tem odpreta pogajanja med preteklimi in sedanjimi konteksti. Nedavni projekti vklju\u010dujejo razstavo v Artexteju, ki je zdru\u017eila nacionalne in osebne zgodovine performansov, zvo\u010dna dela in branja; nastop z 8 saksofonisti za Mus\u00e9e d\u2019art contemporain des Laurentides; in raziskovalno-izvedbeni projekt MANUAL s Christopherjem Willesom, kjer se v obliki predstave \u201cena na ena\u201d raziskuje \u010dutno in dru\u017ebeno \u017eivljenje zvokov ter tiskanih podob ter se skrivno uprizarja v knji\u017enici za festival OFFTA v Montrealu. Diplomiral je na univerzah McGill in Concordia ter magistriral na School of the Art Institute of Chicago.<\/p>\n<p><strong>Produkcija in organizacija:<\/strong> NDA Slovenia<br \/>\n<strong>Koordinacija and izvr\u0161na produkcija:<\/strong> Jana Jevtovi\u0107<br \/>\nNDA Slovenia podpira Mestna ob\u010dina Ljubljana.<\/p>\n<p>Delavnico je podprl program \u201c2022 GPS\/Global Practice Sharing program of Movement Research\u201d, tega pa podpira sklad \u201cTrust for Mutual Understanding\u201d. Delavnico izvajamo v sodelovanju z JSKD.<\/p>\n<p><img decoding=\"async\" class=\"alignnone wp-image-3880\" src=\"http:\/\/cofestival.si\/2022\/wp-content\/uploads\/sites\/17\/2022\/11\/image-4-300x217.png\" alt=\"\" width=\"138\" height=\"100\" srcset=\"https:\/\/cofestival.si\/2022\/wp-content\/uploads\/sites\/17\/2022\/11\/image-4-300x217.png 300w, https:\/\/cofestival.si\/2022\/wp-content\/uploads\/sites\/17\/2022\/11\/image-4.png 366w\" sizes=\"(max-width: 138px) 100vw, 138px\" \/> <img decoding=\"async\" class=\"alignnone wp-image-3812\" src=\"http:\/\/cofestival.si\/2022\/wp-content\/uploads\/sites\/17\/2022\/11\/GPS-logo-300x217.jpg\" alt=\"\" width=\"118\" height=\"85\" srcset=\"https:\/\/cofestival.si\/2022\/wp-content\/uploads\/sites\/17\/2022\/11\/GPS-logo-300x217.jpg 300w, https:\/\/cofestival.si\/2022\/wp-content\/uploads\/sites\/17\/2022\/11\/GPS-logo.jpg 463w\" sizes=\"(max-width: 118px) 100vw, 118px\" \/> <img decoding=\"async\" class=\"alignnone wp-image-3813\" src=\"http:\/\/cofestival.si\/2022\/wp-content\/uploads\/sites\/17\/2022\/11\/tmu-logobw-300x120.jpg\" alt=\"\" width=\"223\" height=\"89\" srcset=\"https:\/\/cofestival.si\/2022\/wp-content\/uploads\/sites\/17\/2022\/11\/tmu-logobw-300x120.jpg 300w, https:\/\/cofestival.si\/2022\/wp-content\/uploads\/sites\/17\/2022\/11\/tmu-logobw-768x306.jpg 768w, https:\/\/cofestival.si\/2022\/wp-content\/uploads\/sites\/17\/2022\/11\/tmu-logobw.jpg 993w\" sizes=\"(max-width: 223px) 100vw, 223px\" \/>","protected":false},"excerpt":{"rendered":"<p>Cofestival vabi na petdnevno delavnico \u201cGlas, ki ga besedilo ne more sli\u0161ati\u201d, ki jo vodi Adam Kinner (Kanada\/ZDA) \u201cGlas, ki ga besedilo ne more sli\u0161ati\u201d je vodena raziskovalna praksa za performerje, ki jih zanima poglabljanje ukvarjanja z glasom, besedilom in gibom ter kako se ti prepletajo v uprizoritvenem okolju. Skupaj bomo raziskovali na\u010dine, kako dati [&hellip;]<\/p>\n","protected":false},"author":1,"featured_media":3938,"comment_status":"closed","ping_status":"open","sticky":false,"template":"","format":"standard","meta":{"footnotes":""},"categories":[10],"tags":[],"class_list":["post-3937","post","type-post","status-publish","format-standard","has-post-thumbnail","hentry","category-cofestival"],"_links":{"self":[{"href":"https:\/\/cofestival.si\/2022\/wp-json\/wp\/v2\/posts\/3937","targetHints":{"allow":["GET"]}}],"collection":[{"href":"https:\/\/cofestival.si\/2022\/wp-json\/wp\/v2\/posts"}],"about":[{"href":"https:\/\/cofestival.si\/2022\/wp-json\/wp\/v2\/types\/post"}],"author":[{"embeddable":true,"href":"https:\/\/cofestival.si\/2022\/wp-json\/wp\/v2\/users\/1"}],"replies":[{"embeddable":true,"href":"https:\/\/cofestival.si\/2022\/wp-json\/wp\/v2\/comments?post=3937"}],"version-history":[{"count":4,"href":"https:\/\/cofestival.si\/2022\/wp-json\/wp\/v2\/posts\/3937\/revisions"}],"predecessor-version":[{"id":3942,"href":"https:\/\/cofestival.si\/2022\/wp-json\/wp\/v2\/posts\/3937\/revisions\/3942"}],"wp:featuredmedia":[{"embeddable":true,"href":"https:\/\/cofestival.si\/2022\/wp-json\/wp\/v2\/media\/3938"}],"wp:attachment":[{"href":"https:\/\/cofestival.si\/2022\/wp-json\/wp\/v2\/media?parent=3937"}],"wp:term":[{"taxonomy":"category","embeddable":true,"href":"https:\/\/cofestival.si\/2022\/wp-json\/wp\/v2\/categories?post=3937"},{"taxonomy":"post_tag","embeddable":true,"href":"https:\/\/cofestival.si\/2022\/wp-json\/wp\/v2\/tags?post=3937"}],"curies":[{"name":"wp","href":"https:\/\/api.w.org\/{rel}","templated":true}]}}