{"id":3829,"date":"2022-11-03T19:29:01","date_gmt":"2022-11-03T19:29:01","guid":{"rendered":"https:\/\/cofestival.si\/2022\/?p=3829"},"modified":"2022-11-14T19:26:22","modified_gmt":"2022-11-14T19:26:22","slug":"skart-dorde-balmazovic-odprta-beleznica-2022","status":"publish","type":"post","link":"https:\/\/cofestival.si\/2022\/en\/skart-dorde-balmazovic-odprta-beleznica-2022\/","title":{"rendered":"\u0160kart (\u0110or\u0111e Balmazovi\u0107): Open Sketchbook (2022)"},"content":{"rendered":"The Open Sketchbook exhibition consists of drawings made during the observation process of the Silver Gold project development, executed by an intergenerational dance and choreographic collective. The materials are part of a procedural work and are a visual response to the kinetic situations of contemporary dance practice.<\/p>\n<p>Dragana Alfirevi\u0107, the initiator of the Silver Gold project, invited visual artist \u0110or\u0111e Balmazovi\u0107 to follow the process as an outside observer, but his role soon turned into that of a documentarist and co-creator. With a gaze that intersects the visible with the sensual, the artist has thus begun to transform dance into kinetic figures, bringing them into a field beyond their fleeting immediacy. In this way, images of dance in dance itself were created, as the hand that is drawing itself moves and at the same time folds, curiously searching, exploring, deciding, and last but not least, with its presence, supporting the bodies in movement. This exhibition is a kind of homage to dance, and at the same time it is dance itself.<\/p>\n<p><strong>\u0110or\u0111e Balmazovi\u0107<\/strong> is a member of \u0160kart group, founded in 1990 in Belgrade, Yugoslavia. In the 1990s, the collective produced poetry fanzines and distributed them in street actions. In 2000, \u0160kart founded two groups\u00a0\u2013 the Horke\u0161kart Choir and Orchestra and the Women\u2019s Embroidery Group. Since 2012, the collective has been running workshops for children, migrants and the elderly.<\/p>\n<p><strong>Curator:<\/strong> Bojana Pi\u0161kur<\/p>\n<p>Saturday, 26th of November, 7:30 p.m. \u2013 opening<br \/>\nKino \u0160i\u0161ka, Kamera<br \/>\nOn display until the 4th of December<\/p>\n<p>Free entry!<\/p>\n<p>With support:<br \/>\n<img decoding=\"async\" class=\"alignnone wp-image-2477\" src=\"http:\/\/cofestival.si\/2022\/wp-content\/uploads\/sites\/17\/2021\/09\/dance-on-pass-on-150x150-1-e1667499598403.jpg\" alt=\"\" width=\"95\" height=\"51\" \/><img decoding=\"async\" class=\"alignnone wp-image-3115\" src=\"http:\/\/cofestival.si\/2022\/wp-content\/uploads\/sites\/17\/2021\/11\/EU-e1635961325211-300x65.jpg\" alt=\"\" width=\"226\" height=\"49\" srcset=\"https:\/\/cofestival.si\/2022\/wp-content\/uploads\/sites\/17\/2021\/11\/EU-e1635961325211-300x65.jpg 300w, https:\/\/cofestival.si\/2022\/wp-content\/uploads\/sites\/17\/2021\/11\/EU-e1635961325211.jpg 594w\" sizes=\"(max-width: 226px) 100vw, 226px\" \/>","protected":false},"excerpt":{"rendered":"<p>The Open Sketchbook exhibition consists of drawings made during the observation process of the Silver Gold project development, executed by an intergenerational dance and choreographic collective. The materials are part of a procedural work and are a visual response to the kinetic situations of contemporary dance practice. Dragana Alfirevi\u0107, the initiator of the Silver Gold [&hellip;]<\/p>\n","protected":false},"author":1,"featured_media":3892,"comment_status":"closed","ping_status":"open","sticky":false,"template":"","format":"standard","meta":{"footnotes":""},"categories":[10],"tags":[],"class_list":["post-3829","post","type-post","status-publish","format-standard","has-post-thumbnail","hentry","category-cofestival"],"_links":{"self":[{"href":"https:\/\/cofestival.si\/2022\/en\/wp-json\/wp\/v2\/posts\/3829","targetHints":{"allow":["GET"]}}],"collection":[{"href":"https:\/\/cofestival.si\/2022\/en\/wp-json\/wp\/v2\/posts"}],"about":[{"href":"https:\/\/cofestival.si\/2022\/en\/wp-json\/wp\/v2\/types\/post"}],"author":[{"embeddable":true,"href":"https:\/\/cofestival.si\/2022\/en\/wp-json\/wp\/v2\/users\/1"}],"replies":[{"embeddable":true,"href":"https:\/\/cofestival.si\/2022\/en\/wp-json\/wp\/v2\/comments?post=3829"}],"version-history":[{"count":4,"href":"https:\/\/cofestival.si\/2022\/en\/wp-json\/wp\/v2\/posts\/3829\/revisions"}],"predecessor-version":[{"id":3995,"href":"https:\/\/cofestival.si\/2022\/en\/wp-json\/wp\/v2\/posts\/3829\/revisions\/3995"}],"wp:featuredmedia":[{"embeddable":true,"href":"https:\/\/cofestival.si\/2022\/en\/wp-json\/wp\/v2\/media\/3892"}],"wp:attachment":[{"href":"https:\/\/cofestival.si\/2022\/en\/wp-json\/wp\/v2\/media?parent=3829"}],"wp:term":[{"taxonomy":"category","embeddable":true,"href":"https:\/\/cofestival.si\/2022\/en\/wp-json\/wp\/v2\/categories?post=3829"},{"taxonomy":"post_tag","embeddable":true,"href":"https:\/\/cofestival.si\/2022\/en\/wp-json\/wp\/v2\/tags?post=3829"}],"curies":[{"name":"wp","href":"https:\/\/api.w.org\/{rel}","templated":true}]}}